{"id":1427,"date":"2022-09-29T16:53:09","date_gmt":"2022-09-29T14:53:09","guid":{"rendered":"https:\/\/www.argonautalab.it\/?p=1427"},"modified":"2025-08-29T17:23:04","modified_gmt":"2025-08-29T15:23:04","slug":"roma-della-seconda-guerra-mondiale","status":"publish","type":"post","link":"https:\/\/www.argonautalab.it\/en\/uscite-didattiche\/roma-della-seconda-guerra-mondiale\/","title":{"rendered":"ROMA DELLA SECONDA GUERRA MONDIALE"},"content":{"rendered":"","protected":false},"excerpt":{"rendered":"","protected":false},"author":5,"featured_media":1429,"comment_status":"open","ping_status":"open","sticky":false,"template":"","format":"standard","meta":{"inline_featured_image":false,"_monsterinsights_skip_tracking":false,"_monsterinsights_sitenote_active":false,"_monsterinsights_sitenote_note":"","_monsterinsights_sitenote_category":0,"footnotes":""},"categories":[17],"tags":[48],"class_list":["post-1427","post","type-post","status-publish","format-standard","has-post-thumbnail","hentry","category-uscite-didattiche","tag-lazio"],"meta_box":{"colore":"uscite","luogo":"ROMA (RM)","obiettivi":"","gruppo_obiettivi":[{"obiettivi_punti":"FOSSE ARDEATINE"},{"obiettivi_punti":"GHETTO EBRAICO"},{"obiettivi_punti":"MUSEO EBRAICO"}],"gruppo_classe":[{"classe":"CLASSI TUTTE","classe_categoria":"SECONDARIA DI I E II GRADO "}],"immagini_hero":[],"sottotitolo":"","frase_regular":"","frase_bold":"","grafica":[],"uscite_gruppo_attivita":[{"tipologia":"VISITA GUIDATA","Titolo":"FOSSE ARDEATINE","testo":"<p><strong>Fosse ardeatine:<\/strong> Luogo simbolo della Resistenza divenuto tristemente famoso per l\u2019eccidio di 335 prigionieri da parte delle truppe di occupazione tedesca. Il 23 marzo 1944, in un\u2019azione di guerra a Roma in via Rasella, un gruppo di partigiani uccideva 33 soldati nazisti e ne feriva 38. Pronta la risposta tedesca: per ogni soldato ucciso sarebbero stati eliminati dieci italiani. Furono 335 le vittime, scelte a caso, tra le quali diversi prigionieri politici, tradotti dal carcere di via Tasso, numerosi ebrei ed alcuni civili.<\/p>"},{"Titolo":"GHETTO EBRAICO","testo":"<p><strong>Il ghetto ebraico di Roma<\/strong> \u00e8 tra i pi\u00f9 antichi ghetti del mondo; \u00e8 sorto infatti 40 anni dopo quello di Venezia che \u00e8 il primo in assoluto. Il termine deriva dal nome della contrada veneziana, gheto, dove esisteva una fonderia (appunto gheto in veneziano), ove gli ebrei di quella citt\u00e0 furono costretti a risiedere.<\/p>"},{"Titolo":"MUSEO EBRAICO","testo":"<p><strong>Il Museo Ebraico di Roma<\/strong>, ospitato nel complesso monumentale del Tempio Maggiore, \u00e8 aperto dal 1960 per conservare le raccolte della Comunit\u00e0 Ebraica di Roma: argenti romani del Sei e Settecento, tessuti preziosi provenienti da ogni parte d\u2019Europa, pergamene miniate, marmi scampati alla distruzione delle Cinque Scole, le cinque sinagoghe del ghetto. Sette sale espositive con un percorso didattico studiato per offrire risalto ai magnifici oggetti d\u2019arte e ai preziosi documenti, che raccontano la storia bimillenaria degli ebrei di Roma, le relazioni fra gli ebrei e la citt\u00e0, le feste dell\u2019anno e quelle della vita. Un punto di riferimento unico per scoprire le tradizioni, la religione e la storia degli ebrei romani, appartenenti a una comunit\u00e0 fra le pi\u00f9 antiche al mondo.<\/p>"}],"tempi":"intera giornata","costi":"\u20ac preventivo da richiedere","numero_alunni":"minimo 40","comprensivo_di":"<ul>\n<li>Biglietto ingresso Museo ebraico<\/li>\n<li>Guida\/accompagnatore Argonauta<\/li>\n<li>Organizzazione generale<br \/>\n(prenotazioni, logistica, ecc.).<\/li>\n<\/ul>\n","immagine_opzioni":[],"gruppo_opzioni":[],"gruppo_loghi":[],"materiale-didattico":[],"galleria_media":[],"seleziona_logo":"Standard","frase_eventi":"","data_eventi":"","luogo_eventi":"","costi_eventi":"","contatti_eventi":"","titolo_pdf_eventi":"","group_download_eventi":[],"immagini_eventi":[],"galleria_video":[],"frase_feste":"","data_feste":"","luogo_feste":"","contatti_feste":"","immagini_feste":[],"frase_idee":"","titolo_pdf_idee":"","gruppo_download_idee":[],"immagini_idee":[]},"_links":{"self":[{"href":"https:\/\/www.argonautalab.it\/en\/wp-json\/wp\/v2\/posts\/1427","targetHints":{"allow":["GET"]}}],"collection":[{"href":"https:\/\/www.argonautalab.it\/en\/wp-json\/wp\/v2\/posts"}],"about":[{"href":"https:\/\/www.argonautalab.it\/en\/wp-json\/wp\/v2\/types\/post"}],"author":[{"embeddable":true,"href":"https:\/\/www.argonautalab.it\/en\/wp-json\/wp\/v2\/users\/5"}],"replies":[{"embeddable":true,"href":"https:\/\/www.argonautalab.it\/en\/wp-json\/wp\/v2\/comments?post=1427"}],"version-history":[{"count":1,"href":"https:\/\/www.argonautalab.it\/en\/wp-json\/wp\/v2\/posts\/1427\/revisions"}],"predecessor-version":[{"id":1428,"href":"https:\/\/www.argonautalab.it\/en\/wp-json\/wp\/v2\/posts\/1427\/revisions\/1428"}],"wp:featuredmedia":[{"embeddable":true,"href":"https:\/\/www.argonautalab.it\/en\/wp-json\/wp\/v2\/media\/1429"}],"wp:attachment":[{"href":"https:\/\/www.argonautalab.it\/en\/wp-json\/wp\/v2\/media?parent=1427"}],"wp:term":[{"taxonomy":"category","embeddable":true,"href":"https:\/\/www.argonautalab.it\/en\/wp-json\/wp\/v2\/categories?post=1427"},{"taxonomy":"post_tag","embeddable":true,"href":"https:\/\/www.argonautalab.it\/en\/wp-json\/wp\/v2\/tags?post=1427"}],"curies":[{"name":"wp","href":"https:\/\/api.w.org\/{rel}","templated":true}]}}